{"id":171,"date":"2014-03-09T16:11:54","date_gmt":"2014-03-09T14:11:54","guid":{"rendered":"http:\/\/zirbitzkogel.at\/blog\/?p=171"},"modified":"2022-07-21T22:28:22","modified_gmt":"2022-07-21T20:28:22","slug":"skitour-zur-wechnerscharte","status":"publish","type":"post","link":"http:\/\/zirbitzkogel.at\/blog\/2014\/03\/09\/skitour-zur-wechnerscharte\/","title":{"rendered":"Skitour zur Wechnerscharte"},"content":{"rendered":"<p>Am Samstag, 08. M\u00e4rz 2014, ging es wieder mal nach K\u00fchtai in Tirol. Vom L\u00e4ngentaler Speicher stiegen wir bei bestem Wetter und strahlend blauem Himmel durchs Mittertal zur Wechnerscharte (2758 m) auf. Die folgenden Bilder zeigen einige Impressionen von der Tour.<br \/>\n<div id='gallery-1' class='gallery galleryid-171 gallery-columns-3 gallery-size-thumbnail'><figure class='gallery-item'>\n\t\t\t<div class='gallery-icon landscape'>\n\t\t\t\t<a href='http:\/\/zirbitzkogel.at\/blog\/wp-content\/uploads\/2014\/03\/20140308_080426.jpg'><img width=\"150\" height=\"150\" src=\"http:\/\/zirbitzkogel.at\/blog\/wp-content\/uploads\/2014\/03\/20140308_080426-150x150.jpg\" class=\"attachment-thumbnail size-thumbnail\" alt=\"\" decoding=\"async\" loading=\"lazy\" aria-describedby=\"gallery-1-174\" \/><\/a>\n\t\t\t<\/div>\n\t\t\t\t<figcaption class='wp-caption-text gallery-caption' id='gallery-1-174'>\n\t\t\t\tAm Seelesboden, in Bildmitte der Gro\u00dfe Wechnerkogel (2955 m)\n\t\t\t\t<\/figcaption><\/figure><figure class='gallery-item'>\n\t\t\t<div class='gallery-icon landscape'>\n\t\t\t\t<a href='http:\/\/zirbitzkogel.at\/blog\/wp-content\/uploads\/2014\/03\/20140308_083723.jpg'><img width=\"150\" height=\"150\" src=\"http:\/\/zirbitzkogel.at\/blog\/wp-content\/uploads\/2014\/03\/20140308_083723-150x150.jpg\" class=\"attachment-thumbnail size-thumbnail\" alt=\"\" decoding=\"async\" loading=\"lazy\" aria-describedby=\"gallery-1-175\" \/><\/a>\n\t\t\t<\/div>\n\t\t\t\t<figcaption class='wp-caption-text gallery-caption' id='gallery-1-175'>\n\t\t\t\tAuf den Ro\u00dfb\u00f6den mit Blick zur Wechnerwand (links) und Gro\u00dfem Wechnerkogel (rechts)\n\t\t\t\t<\/figcaption><\/figure><figure class='gallery-item'>\n\t\t\t<div class='gallery-icon landscape'>\n\t\t\t\t<a href='http:\/\/zirbitzkogel.at\/blog\/wp-content\/uploads\/2014\/03\/20140308_094417.jpg'><img width=\"150\" height=\"150\" src=\"http:\/\/zirbitzkogel.at\/blog\/wp-content\/uploads\/2014\/03\/20140308_094417-150x150.jpg\" class=\"attachment-thumbnail size-thumbnail\" alt=\"\" decoding=\"async\" loading=\"lazy\" aria-describedby=\"gallery-1-176\" \/><\/a>\n\t\t\t<\/div>\n\t\t\t\t<figcaption class='wp-caption-text gallery-caption' id='gallery-1-176'>\n\t\t\t\tHinauf in die Wechnerscharte (2758 m), gemessene Hangneigung bis zu 41\u00b0\n\t\t\t\t<\/figcaption><\/figure><figure class='gallery-item'>\n\t\t\t<div class='gallery-icon landscape'>\n\t\t\t\t<a href='http:\/\/zirbitzkogel.at\/blog\/wp-content\/uploads\/2014\/03\/20140308_101303.jpg'><img width=\"150\" height=\"150\" src=\"http:\/\/zirbitzkogel.at\/blog\/wp-content\/uploads\/2014\/03\/20140308_101303-150x150.jpg\" class=\"attachment-thumbnail size-thumbnail\" alt=\"\" decoding=\"async\" loading=\"lazy\" aria-describedby=\"gallery-1-177\" \/><\/a>\n\t\t\t<\/div>\n\t\t\t\t<figcaption class='wp-caption-text gallery-caption' id='gallery-1-177'>\n\t\t\t\tDie letzten Meter bis zur Wechnerscharte im steilen Spitzkehrengel\u00e4nde\n\t\t\t\t<\/figcaption><\/figure><figure class='gallery-item'>\n\t\t\t<div class='gallery-icon landscape'>\n\t\t\t\t<a href='http:\/\/zirbitzkogel.at\/blog\/wp-content\/uploads\/2014\/03\/20140308_101313.jpg'><img width=\"150\" height=\"150\" src=\"http:\/\/zirbitzkogel.at\/blog\/wp-content\/uploads\/2014\/03\/20140308_101313-150x150.jpg\" class=\"attachment-thumbnail size-thumbnail\" alt=\"\" decoding=\"async\" loading=\"lazy\" aria-describedby=\"gallery-1-178\" \/><\/a>\n\t\t\t<\/div>\n\t\t\t\t<figcaption class='wp-caption-text gallery-caption' id='gallery-1-178'>\n\t\t\t\tBlick von der Wechnerscharte hinunter zur Aufstiegsspur \u00fcber den Mittertalferner\n\t\t\t\t<\/figcaption><\/figure><figure class='gallery-item'>\n\t\t\t<div class='gallery-icon landscape'>\n\t\t\t\t<a href='http:\/\/zirbitzkogel.at\/blog\/wp-content\/uploads\/2014\/03\/panorama.jpg'><img width=\"150\" height=\"150\" src=\"http:\/\/zirbitzkogel.at\/blog\/wp-content\/uploads\/2014\/03\/panorama-150x150.jpg\" class=\"attachment-thumbnail size-thumbnail\" alt=\"\" decoding=\"async\" loading=\"lazy\" aria-describedby=\"gallery-1-179\" \/><\/a>\n\t\t\t<\/div>\n\t\t\t\t<figcaption class='wp-caption-text gallery-caption' id='gallery-1-179'>\n\t\t\t\tAussicht von der Wechnerscharte nach S\u00fcden, rechts im Hintergrund der Hochreichkopf (3008 m)\n\t\t\t\t<\/figcaption><\/figure>\n\t\t<\/div>\n<br \/>\nHier k\u00f6nnt ihr euch das Video von der Abfahrt ansehen, gefilmt mit einer GoPro Hero HD2:<br \/>\n<div  id=\"_ytid_22713\" class=\"__youtube_prefs__  __youtube_prefs_gdpr__ \" allowfullscreen data-no-lazy=\"1\" data-skipgform_ajax_framebjll=\"\"><p><strong>Bitte akzeptieren Sie Cookies von YouTube, um dieses Video abzuspielen.<\/strong> Wenn Sie akzeptieren, greifen Sie auf Inhalte von YouTube zu, einem Dienst, der von einem externen Dritten bereitgestellt wird.<\/p>\n<p><a href=\"https:\/\/policies.google.com\/privacy\" target=\"_blank\" rel=\"noopener\">Datenschutzerkl\u00e4rung und Nutzungsbedingungen von YouTube<\/a><\/p>\n<p>Wenn Sie diesen Hinweis akzeptieren, wird ihre Wahl gespeichert und die Seite wird aktualisiert.<\/p>\n<button type=\"button\" class=\"__youtube_prefs_gdpr__\">YouTube-Inhalte akzeptieren<img src=\"http:\/\/zirbitzkogel.at\/blog\/wp-content\/plugins\/youtube-embed-plus\/images\/icon-check.png\" alt=\"accept\" data-no-lazy=\"1\" data-skipgform_ajax_framebjll=\"\" \/><\/button><\/div><br \/>\nEine genaue Tourenbeschreibung gibt es auf <a href=\"http:\/\/www.alpenvereinaktiv.com\/de\/tour\/wechnerscharte-vom-speicher-laengental-im-kuehtai\/6242666\/\" title=\"Wechnerscharte\" target=\"_blank\" rel=\"noopener noreferrer\">alpenvereinaktiv.com<\/a>. Meinen aufgezeichneten GPS-Track (siehe auch folgenden Abbildung) k\u00f6nnt ihr <a href=\"http:\/\/zirbitzkogel.at\/blog\/wp-content\/uploads\/2014\/03\/Wechner_Scharte_2014_filtered.gpx\" title=\"GPS-Track Wechnerscharte\">hier<\/a> herunterladen.<\/p>\n<link rel=\"stylesheet\" type=\"text\/css\" href=\"http:\/\/zirbitzkogel.at\/blog\/wp-content\/plugins\/osm\/\/css\/osm_map.css\" \/><style type=\"text\/css\">#map_1 {clear: both; padding: 0px; margin: 0px; border: 0px; width: 100%; height: 100%; margin-top:0px; margin-right:0px;margin-left:0px; margin-bottom:0px; left: 0px; border-radius:0px;\nbox-shadow: none;}#map_1 img{clear: both; padding: 0px; margin: 0px; border: 0px; width: 100%; height: 100%; position: absolute; margin-top:0px; margin-right:0px;margin-left:0px; margin-bottom:0px; border-radius:0px;\nbox-shadow: none;}<\/style><div id=\"map_1\" class=\"OSM_Map\" style=\"width:460px; height:300px; overflow:hidden;padding:0px;border:thin solid black;\"><script type=\"text\/javascript\" src=\"http:\/\/zirbitzkogel.at\/blog\/wp-content\/plugins\/osm\/js\/OL\/2.13.1\/OpenLayers.js?ver=2.13.1\"><\/script><script type=\"text\/javascript\" src=\"http:\/\/zirbitzkogel.at\/blog\/wp-content\/plugins\/osm\/js\/OSM\/openlayers\/OpenStreetMap.js\"><\/script><script type=\"text\/javascript\" src=\"http:\/\/zirbitzkogel.at\/blog\/wp-content\/plugins\/osm\/js\/osm-plugin-lib.js\"><\/script><script type=\"text\/javascript\">\/* <![CDATA[ *\/(function($) { OpenLayers.ImgPath = \"http:\/\/zirbitzkogel.at\/blog\/wp-content\/plugins\/osm\/themes\/dark\/\"; map_1 = new OpenLayers.Map (\"map_1\", {            controls:[              new OpenLayers.Control.Navigation(),              new OpenLayers.Control.PanZoom(),              new OpenLayers.Control.Attribution()              ],          maxExtent: new OpenLayers.Bounds(-20037508.34,-20037508.34,20037508.34,20037508.34),          maxResolution: 156543.0399,          numZoomLevels: 19,          units: \"m\",          projection: new OpenLayers.Projection(\"EPSG:900913\"),          displayProjection: new OpenLayers.Projection(\"EPSG:4326\")      } );var matrixIds = new Array(18);for (var i=0; i<=18; ++i) {  matrixIds[i] = new Object();  matrixIds[i].identifier = \"\" + i;} var layerosm = new OpenLayers.Layer.OSM.Mapnik(\"Mapnik\");var layerbasemap_at = new OpenLayers.Layer.WMTS({\n                   url: \"https:\/\/maps.wien.gv.at\/basemap\/geolandbasemap\/{Style}\/{TileMatrixSet}\/{TileMatrix}\/{TileRow}\/{TileCol}.png\",\n                   name: \"basemap.at\",\n                   layer: \"geolandbasemap\",\n                   style: \"normal\",\n                   matrixSet: \"google3857\",\n                   requestEncoding: \"REST\",\n                   matrixIds: matrixIds,\n                   tileOptions: {crossOriginKeyword: null},\n                   transitionEffect: \"resize\"\n                  });\n      layerbasemap_at.metadata = {link: \"http:\/\/www.basemap.at\/\"};var layerOSM_Attr = new OpenLayers.Layer.Vector(\"OSM-plugin\",{attribution:\"<a href=\\\"http:\/\/basemap.at\\\">basemap.at<\/a> and <a href=\\\"https:\/\/www.hyumika.com\\\">OSM-Plugin<\/a>\"});map_1.addLayers([layerbasemap_at, layerosm, layerOSM_Attr]);map_1.addControl(new OpenLayers.Control.LayerSwitcher());map_1.addControl(new OpenLayers.Control.ScaleLine({geodesic: true}));var lonLat = new OpenLayers.LonLat(10.982,47.199).transform(map_1.displayProjection, map_1.projection);map_1.setCenter (lonLat,13);  function osm_map_1onPopupClose(evt) {    select.unselectAll();  }  function osm_map_1onFeatureSelect(event) {    var feature = event.feature;    var content = \"<b>\"+feature.attributes.name + \"<\/b> <br>\" + feature.attributes.description;    if (content.search(\"<script\") != -1) {       content = \"Content contained Javascript! Escaped content below.<br>\" + content.replace(\/<\/g, \"&lt;\");    }    popup = new OpenLayers.Popup.FramedCloud(\"OSM Plugin\",      feature.geometry.getBounds().getCenterLonLat(),        new OpenLayers.Size(200,100),        content,        null, true, osm_map_1onPopupClose);    popup.autoSize = true;    feature.popup = popup;    map_1.addPopup(popup);   }  function osm_map_1onFeatureUnselect(event) {    var feature = event.feature;    if(feature.popup) {      map_1.removePopup(feature.popup);      feature.popup.destroy();      delete feature.popup;    }     }  var lgml = new OpenLayers.Layer.Vector(\"http:\/\/zirbitzkogel.at\/blog\/wp-content\/uploads\/2014\/03\/Wechner_Scharte_2014_filtered.gpx\",{   strategies: [new OpenLayers.Strategy.Fixed()],\t  protocol: new OpenLayers.Protocol.HTTP({\t   url: \"http:\/\/zirbitzkogel.at\/blog\/wp-content\/uploads\/2014\/03\/Wechner_Scharte_2014_filtered.gpx\",\t   format: new OpenLayers.Format.GPX()\t  }),    style: {strokeColor: \"red\", strokeWidth: 5, strokeOpacity: 0.5},    projection: new OpenLayers.Projection(\"EPSG:4326\")  });  map_1.addLayer(lgml);var lonLat = new OpenLayers.LonLat(10.982,47.199).transform(map_1.displayProjection, map_1.projection);map_1.setCenter (lonLat,13);})(jQuery)\/* ]]> *\/ <\/script><\/div>\n","protected":false},"excerpt":{"rendered":"<p>Am Samstag, 08. M\u00e4rz 2014, ging es wieder mal nach K\u00fchtai in Tirol. Vom L\u00e4ngentaler Speicher stiegen wir bei bestem Wetter und strahlend blauem Himmel durchs Mittertal zur Wechnerscharte (2758 m) auf. Die folgenden Bilder zeigen einige Impressionen von der Tour. Hier k\u00f6nnt ihr euch das Video von der Abfahrt ansehen, gefilmt mit einer GoPro Hero HD2: Eine genaue Tourenbeschreibung gibt es auf alpenvereinaktiv.com. Meinen aufgezeichneten GPS-Track (siehe auch folgenden Abbildung) k\u00f6nnt ihr hier herunterladen.<\/p>\n","protected":false},"author":1,"featured_media":0,"comment_status":"closed","ping_status":"closed","sticky":false,"template":"","format":"standard","meta":[],"categories":[4],"tags":[32,49,17,35],"_links":{"self":[{"href":"http:\/\/zirbitzkogel.at\/blog\/wp-json\/wp\/v2\/posts\/171"}],"collection":[{"href":"http:\/\/zirbitzkogel.at\/blog\/wp-json\/wp\/v2\/posts"}],"about":[{"href":"http:\/\/zirbitzkogel.at\/blog\/wp-json\/wp\/v2\/types\/post"}],"author":[{"embeddable":true,"href":"http:\/\/zirbitzkogel.at\/blog\/wp-json\/wp\/v2\/users\/1"}],"replies":[{"embeddable":true,"href":"http:\/\/zirbitzkogel.at\/blog\/wp-json\/wp\/v2\/comments?post=171"}],"version-history":[{"count":14,"href":"http:\/\/zirbitzkogel.at\/blog\/wp-json\/wp\/v2\/posts\/171\/revisions"}],"predecessor-version":[{"id":2444,"href":"http:\/\/zirbitzkogel.at\/blog\/wp-json\/wp\/v2\/posts\/171\/revisions\/2444"}],"wp:attachment":[{"href":"http:\/\/zirbitzkogel.at\/blog\/wp-json\/wp\/v2\/media?parent=171"}],"wp:term":[{"taxonomy":"category","embeddable":true,"href":"http:\/\/zirbitzkogel.at\/blog\/wp-json\/wp\/v2\/categories?post=171"},{"taxonomy":"post_tag","embeddable":true,"href":"http:\/\/zirbitzkogel.at\/blog\/wp-json\/wp\/v2\/tags?post=171"}],"curies":[{"name":"wp","href":"https:\/\/api.w.org\/{rel}","templated":true}]}}