{"id":306,"date":"2014-12-25T14:10:09","date_gmt":"2014-12-25T12:10:09","guid":{"rendered":"http:\/\/zirbitzkogel.at\/blog\/?p=306"},"modified":"2019-11-20T01:28:24","modified_gmt":"2019-11-19T23:28:24","slug":"verhaeltnisse-am-zirbitzkogel-am-24-12-2014","status":"publish","type":"post","link":"http:\/\/zirbitzkogel.at\/blog\/2014\/12\/25\/verhaeltnisse-am-zirbitzkogel-am-24-12-2014\/","title":{"rendered":"Verh\u00e4ltnisse am Zirbitzkogel am 24.12.2014"},"content":{"rendered":"<p>Aus Tradition geht es jedes Jahr am 24. Dezember auf den Zirbitzkogel, \u00fcblicherweise mit Tourenski. Dieses Jahr jedoch musste die Skitourenausr\u00fcstung im Kofferraum bleiben.<\/p>\n<p>Aufgrund der aktuellen Schneesituation sind derzeit noch keine Skitouren m\u00f6glich (siehe beigef\u00fcgte Bilder). Auch die Schneeh\u00f6he zwischen Lindersee und Schutzhaus ist f\u00fcr eine Abfahrt noch nicht ausreichend.<\/p>\n<p>Beim Aufstieg zu Fuss sollten nicht so trittsichere Wanderer besser ihre Gr\u00f6del mitnehmen. Die Forststra\u00dfe zwischen Sabathyh\u00fctte und Linderh\u00fctte ist mitunter etwas glatt und eisig. <div id='gallery-1' class='gallery galleryid-306 gallery-columns-3 gallery-size-thumbnail'><figure class='gallery-item'>\n\t\t\t<div class='gallery-icon landscape'>\n\t\t\t\t<a href='http:\/\/zirbitzkogel.at\/blog\/wp-content\/uploads\/2014\/12\/20141224_061214.jpg'><img width=\"150\" height=\"150\" src=\"http:\/\/zirbitzkogel.at\/blog\/wp-content\/uploads\/2014\/12\/20141224_061214-150x150.jpg\" class=\"attachment-thumbnail size-thumbnail\" alt=\"Kapelle bei der Sabythyh\u00fctte\" decoding=\"async\" loading=\"lazy\" aria-describedby=\"gallery-1-307\" \/><\/a>\n\t\t\t<\/div>\n\t\t\t\t<figcaption class='wp-caption-text gallery-caption' id='gallery-1-307'>\n\t\t\t\tKapelle bei der Sabythyh\u00fctte\n\t\t\t\t<\/figcaption><\/figure><figure class='gallery-item'>\n\t\t\t<div class='gallery-icon landscape'>\n\t\t\t\t<a href='http:\/\/zirbitzkogel.at\/blog\/wp-content\/uploads\/2014\/12\/20141224_063118.jpg'><img width=\"150\" height=\"150\" src=\"http:\/\/zirbitzkogel.at\/blog\/wp-content\/uploads\/2014\/12\/20141224_063118-150x150.jpg\" class=\"attachment-thumbnail size-thumbnail\" alt=\"Bei der Linderh\u00fctte mit Blick zum Zirbitzkogel\" decoding=\"async\" loading=\"lazy\" aria-describedby=\"gallery-1-308\" \/><\/a>\n\t\t\t<\/div>\n\t\t\t\t<figcaption class='wp-caption-text gallery-caption' id='gallery-1-308'>\n\t\t\t\tBei der Linderh\u00fctte mit Blick zum Zirbitzkogel\n\t\t\t\t<\/figcaption><\/figure><figure class='gallery-item'>\n\t\t\t<div class='gallery-icon landscape'>\n\t\t\t\t<a href='http:\/\/zirbitzkogel.at\/blog\/wp-content\/uploads\/2014\/12\/20141224_064756.jpg'><img width=\"150\" height=\"150\" src=\"http:\/\/zirbitzkogel.at\/blog\/wp-content\/uploads\/2014\/12\/20141224_064756-150x150.jpg\" class=\"attachment-thumbnail size-thumbnail\" alt=\"Blick zum Zirbitzkogel-Schutzhaus\" decoding=\"async\" loading=\"lazy\" aria-describedby=\"gallery-1-309\" \/><\/a>\n\t\t\t<\/div>\n\t\t\t\t<figcaption class='wp-caption-text gallery-caption' id='gallery-1-309'>\n\t\t\t\tBlick zum Zirbitzkogel-Schutzhaus\n\t\t\t\t<\/figcaption><\/figure><figure class='gallery-item'>\n\t\t\t<div class='gallery-icon landscape'>\n\t\t\t\t<a href='http:\/\/zirbitzkogel.at\/blog\/wp-content\/uploads\/2014\/12\/20141224_064806.jpg'><img width=\"150\" height=\"150\" src=\"http:\/\/zirbitzkogel.at\/blog\/wp-content\/uploads\/2014\/12\/20141224_064806-150x150.jpg\" class=\"attachment-thumbnail size-thumbnail\" alt=\"Sonnenaufgang im Zirbitzkogel-Gebiet\" decoding=\"async\" loading=\"lazy\" aria-describedby=\"gallery-1-310\" \/><\/a>\n\t\t\t<\/div>\n\t\t\t\t<figcaption class='wp-caption-text gallery-caption' id='gallery-1-310'>\n\t\t\t\tSonnenaufgang im Zirbitzkogel-Gebiet\n\t\t\t\t<\/figcaption><\/figure><figure class='gallery-item'>\n\t\t\t<div class='gallery-icon landscape'>\n\t\t\t\t<a href='http:\/\/zirbitzkogel.at\/blog\/wp-content\/uploads\/2014\/12\/20141224_071428.jpg'><img width=\"150\" height=\"150\" src=\"http:\/\/zirbitzkogel.at\/blog\/wp-content\/uploads\/2014\/12\/20141224_071428-150x150.jpg\" class=\"attachment-thumbnail size-thumbnail\" alt=\"Beim zugefrohrenen Lindersee\" decoding=\"async\" loading=\"lazy\" aria-describedby=\"gallery-1-311\" \/><\/a>\n\t\t\t<\/div>\n\t\t\t\t<figcaption class='wp-caption-text gallery-caption' id='gallery-1-311'>\n\t\t\t\tBeim zugefrohrenen Lindersee\n\t\t\t\t<\/figcaption><\/figure><figure class='gallery-item'>\n\t\t\t<div class='gallery-icon landscape'>\n\t\t\t\t<a href='http:\/\/zirbitzkogel.at\/blog\/wp-content\/uploads\/2014\/12\/20141224_075820.jpg'><img width=\"150\" height=\"150\" src=\"http:\/\/zirbitzkogel.at\/blog\/wp-content\/uploads\/2014\/12\/20141224_075820-150x150.jpg\" class=\"attachment-thumbnail size-thumbnail\" alt=\"Kurz vor dem Gipfel des Zirbitzkogels\" decoding=\"async\" loading=\"lazy\" aria-describedby=\"gallery-1-312\" \/><\/a>\n\t\t\t<\/div>\n\t\t\t\t<figcaption class='wp-caption-text gallery-caption' id='gallery-1-312'>\n\t\t\t\tKurz vor dem Gipfel des Zirbitzkogels\n\t\t\t\t<\/figcaption><\/figure><figure class='gallery-item'>\n\t\t\t<div class='gallery-icon landscape'>\n\t\t\t\t<a href='http:\/\/zirbitzkogel.at\/blog\/wp-content\/uploads\/2014\/12\/20141224_080308.jpg'><img width=\"150\" height=\"150\" src=\"http:\/\/zirbitzkogel.at\/blog\/wp-content\/uploads\/2014\/12\/20141224_080308-150x150.jpg\" class=\"attachment-thumbnail size-thumbnail\" alt=\"Zirbitzkogel-Schutzhaus bzw. Helmut-Erd-Schutzhaus\" decoding=\"async\" loading=\"lazy\" aria-describedby=\"gallery-1-313\" \/><\/a>\n\t\t\t<\/div>\n\t\t\t\t<figcaption class='wp-caption-text gallery-caption' id='gallery-1-313'>\n\t\t\t\tZirbitzkogel-Schutzhaus bzw. Helmut-Erd-Schutzhaus\n\t\t\t\t<\/figcaption><\/figure>\n\t\t<\/div>\n<\/p>\n","protected":false},"excerpt":{"rendered":"<p>Aus Tradition geht es jedes Jahr am 24. Dezember auf den Zirbitzkogel, \u00fcblicherweise mit Tourenski. Dieses Jahr jedoch musste die Skitourenausr\u00fcstung im Kofferraum bleiben. Aufgrund der aktuellen Schneesituation sind derzeit noch keine Skitouren m\u00f6glich (siehe beigef\u00fcgte Bilder). Auch die Schneeh\u00f6he zwischen Lindersee und Schutzhaus ist f\u00fcr eine Abfahrt noch nicht ausreichend. Beim Aufstieg zu Fuss sollten nicht so trittsichere Wanderer besser ihre Gr\u00f6del mitnehmen. Die Forststra\u00dfe zwischen Sabathyh\u00fctte und Linderh\u00fctte ist mitunter etwas glatt und eisig.<\/p>\n","protected":false},"author":1,"featured_media":0,"comment_status":"closed","ping_status":"open","sticky":false,"template":"","format":"standard","meta":[],"categories":[34,41,9],"tags":[51],"_links":{"self":[{"href":"http:\/\/zirbitzkogel.at\/blog\/wp-json\/wp\/v2\/posts\/306"}],"collection":[{"href":"http:\/\/zirbitzkogel.at\/blog\/wp-json\/wp\/v2\/posts"}],"about":[{"href":"http:\/\/zirbitzkogel.at\/blog\/wp-json\/wp\/v2\/types\/post"}],"author":[{"embeddable":true,"href":"http:\/\/zirbitzkogel.at\/blog\/wp-json\/wp\/v2\/users\/1"}],"replies":[{"embeddable":true,"href":"http:\/\/zirbitzkogel.at\/blog\/wp-json\/wp\/v2\/comments?post=306"}],"version-history":[{"count":1,"href":"http:\/\/zirbitzkogel.at\/blog\/wp-json\/wp\/v2\/posts\/306\/revisions"}],"predecessor-version":[{"id":314,"href":"http:\/\/zirbitzkogel.at\/blog\/wp-json\/wp\/v2\/posts\/306\/revisions\/314"}],"wp:attachment":[{"href":"http:\/\/zirbitzkogel.at\/blog\/wp-json\/wp\/v2\/media?parent=306"}],"wp:term":[{"taxonomy":"category","embeddable":true,"href":"http:\/\/zirbitzkogel.at\/blog\/wp-json\/wp\/v2\/categories?post=306"},{"taxonomy":"post_tag","embeddable":true,"href":"http:\/\/zirbitzkogel.at\/blog\/wp-json\/wp\/v2\/tags?post=306"}],"curies":[{"name":"wp","href":"https:\/\/api.w.org\/{rel}","templated":true}]}}