{"id":323,"date":"2015-02-18T20:34:10","date_gmt":"2015-02-18T18:34:10","guid":{"rendered":"http:\/\/zirbitzkogel.at\/blog\/?p=323"},"modified":"2019-11-20T01:28:24","modified_gmt":"2019-11-19T23:28:24","slug":"tourenverhaeltnisse-18-02-2015","status":"publish","type":"post","link":"http:\/\/zirbitzkogel.at\/blog\/2015\/02\/18\/tourenverhaeltnisse-18-02-2015\/","title":{"rendered":"Tourenverh\u00e4ltnisse am Zirbitzkogel am 18.02.2015"},"content":{"rendered":"<p>Von der Sabathyh\u00fctte bis zum Gipfel des Zirbitzkogels ist eine geschlossene und kompakte Schneedecke vorhanden.<br \/>\nObwohl die Schneem\u00e4chtigkeit f\u00fcr diese Jahreszeit eher unterdurschnittlich ist, w\u00fcrde ich pers\u00f6nlich die Tourenverh\u00e4ltnisse \u00fcberwiegend als gut bezeichnen. Steinkontakt l\u00e4sst sich aber kaum vermeiden, vor allem nicht bei der Abfahrt vom Gipfel zum Lindersee.<br \/>\nAlso, besser die neuen Ski daheim lassen und die &#8222;Stoaschi&#8220;mitnehmen! Eine gut geschliffene Kante ist sicher kein Nachteil :-)<br \/>\n<div id='gallery-1' class='gallery galleryid-323 gallery-columns-3 gallery-size-thumbnail'><figure class='gallery-item'>\n\t\t\t<div class='gallery-icon landscape'>\n\t\t\t\t<a href='http:\/\/zirbitzkogel.at\/blog\/wp-content\/uploads\/2015\/02\/20150218_063608.jpg'><img width=\"150\" height=\"150\" src=\"http:\/\/zirbitzkogel.at\/blog\/wp-content\/uploads\/2015\/02\/20150218_063608-150x150.jpg\" class=\"attachment-thumbnail size-thumbnail\" alt=\"Kurz nach der Sabathyh\u00fctte mit Blick zum Zirbitzkogel-Schutzhaus (links) und zur Almrauschh\u00fctte (rechts im Hintergrund)\" decoding=\"async\" loading=\"lazy\" aria-describedby=\"gallery-1-324\" \/><\/a>\n\t\t\t<\/div>\n\t\t\t\t<figcaption class='wp-caption-text gallery-caption' id='gallery-1-324'>\n\t\t\t\tKurz nach der Sabathyh\u00fctte mit Blick zum Zirbitzkogel-Schutzhaus (links) und zur Almrauschh\u00fctte (rechts im Hintergrund)\n\t\t\t\t<\/figcaption><\/figure><figure class='gallery-item'>\n\t\t\t<div class='gallery-icon landscape'>\n\t\t\t\t<a href='http:\/\/zirbitzkogel.at\/blog\/wp-content\/uploads\/2015\/02\/20150218_065256.jpg'><img width=\"150\" height=\"150\" src=\"http:\/\/zirbitzkogel.at\/blog\/wp-content\/uploads\/2015\/02\/20150218_065256-150x150.jpg\" class=\"attachment-thumbnail size-thumbnail\" alt=\"Die Linderh\u00fctte mit dem dar\u00fcber thronenden Zirbitzkogel\" decoding=\"async\" loading=\"lazy\" aria-describedby=\"gallery-1-325\" \/><\/a>\n\t\t\t<\/div>\n\t\t\t\t<figcaption class='wp-caption-text gallery-caption' id='gallery-1-325'>\n\t\t\t\tDie Linderh\u00fctte mit dem dar\u00fcber thronenden Zirbitzkogel\n\t\t\t\t<\/figcaption><\/figure><figure class='gallery-item'>\n\t\t\t<div class='gallery-icon landscape'>\n\t\t\t\t<a href='http:\/\/zirbitzkogel.at\/blog\/wp-content\/uploads\/2015\/02\/20150218_072024.jpg'><img width=\"150\" height=\"150\" src=\"http:\/\/zirbitzkogel.at\/blog\/wp-content\/uploads\/2015\/02\/20150218_072024-150x150.jpg\" class=\"attachment-thumbnail size-thumbnail\" alt=\"Die oft vom Wind abgeblasene Ebene nach dem Pfaffenk\u00f6pfl\" decoding=\"async\" loading=\"lazy\" aria-describedby=\"gallery-1-326\" \/><\/a>\n\t\t\t<\/div>\n\t\t\t\t<figcaption class='wp-caption-text gallery-caption' id='gallery-1-326'>\n\t\t\t\tDie oft vom Wind abgeblasene Ebene nach dem Pfaffenk\u00f6pfl\n\t\t\t\t<\/figcaption><\/figure><figure class='gallery-item'>\n\t\t\t<div class='gallery-icon landscape'>\n\t\t\t\t<a href='http:\/\/zirbitzkogel.at\/blog\/wp-content\/uploads\/2015\/02\/20150218_081938.jpg'><img width=\"150\" height=\"150\" src=\"http:\/\/zirbitzkogel.at\/blog\/wp-content\/uploads\/2015\/02\/20150218_081938-150x150.jpg\" class=\"attachment-thumbnail size-thumbnail\" alt=\"Kurz unterhalb des Gipfels mit Blick auf das Materl und das Zirbitzkogel-Schutzhaus. Links im Hintergrund ragt der Seckauer Zinken aus dem Nebelmeer hervor\" decoding=\"async\" loading=\"lazy\" aria-describedby=\"gallery-1-327\" \/><\/a>\n\t\t\t<\/div>\n\t\t\t\t<figcaption class='wp-caption-text gallery-caption' id='gallery-1-327'>\n\t\t\t\tKurz unterhalb des Gipfels mit Blick auf das Materl und das Zirbitzkogel-Schutzhaus. Links im Hintergrund ragt der Seckauer Zinken aus dem Nebelmeer hervor\n\t\t\t\t<\/figcaption><\/figure><figure class='gallery-item'>\n\t\t\t<div class='gallery-icon landscape'>\n\t\t\t\t<a href='http:\/\/zirbitzkogel.at\/blog\/wp-content\/uploads\/2015\/02\/20150218_083400.jpg'><img width=\"150\" height=\"150\" src=\"http:\/\/zirbitzkogel.at\/blog\/wp-content\/uploads\/2015\/02\/20150218_083400-150x150.jpg\" class=\"attachment-thumbnail size-thumbnail\" alt=\"Am Gipfel des Zirbitzkogels mit dem Blick nach S\u00fcden zum Gro\u00dfen Speickkogel (Bildmitte) auf der Koralpe\" decoding=\"async\" loading=\"lazy\" aria-describedby=\"gallery-1-328\" \/><\/a>\n\t\t\t<\/div>\n\t\t\t\t<figcaption class='wp-caption-text gallery-caption' id='gallery-1-328'>\n\t\t\t\tAm Gipfel des Zirbitzkogels mit dem Blick nach S\u00fcden zum Gro\u00dfen Speickkogel (Bildmitte) auf der Koralpe\n\t\t\t\t<\/figcaption><\/figure><figure class='gallery-item'>\n\t\t\t<div class='gallery-icon landscape'>\n\t\t\t\t<a href='http:\/\/zirbitzkogel.at\/blog\/wp-content\/uploads\/2015\/02\/20150218_083452.jpg'><img width=\"150\" height=\"150\" src=\"http:\/\/zirbitzkogel.at\/blog\/wp-content\/uploads\/2015\/02\/20150218_083452-150x150.jpg\" class=\"attachment-thumbnail size-thumbnail\" alt=\"Wunderbare Fernsicht am Gipfel des Zirbitzkogels\" decoding=\"async\" loading=\"lazy\" aria-describedby=\"gallery-1-329\" \/><\/a>\n\t\t\t<\/div>\n\t\t\t\t<figcaption class='wp-caption-text gallery-caption' id='gallery-1-329'>\n\t\t\t\tWunderbare Fernsicht am Gipfel des Zirbitzkogels\n\t\t\t\t<\/figcaption><\/figure><figure class='gallery-item'>\n\t\t\t<div class='gallery-icon landscape'>\n\t\t\t\t<a href='http:\/\/zirbitzkogel.at\/blog\/wp-content\/uploads\/2015\/02\/20150218_084150.jpg'><img width=\"150\" height=\"150\" src=\"http:\/\/zirbitzkogel.at\/blog\/wp-content\/uploads\/2015\/02\/20150218_084150-150x150.jpg\" class=\"attachment-thumbnail size-thumbnail\" alt=\"Ein seltenes Ereignis: &quot;Einsam und allein am Gipfel des Zirbitzkogels bei nahezu windstillen und milden -8\u00b0C&quot;.\" decoding=\"async\" loading=\"lazy\" aria-describedby=\"gallery-1-330\" \/><\/a>\n\t\t\t<\/div>\n\t\t\t\t<figcaption class='wp-caption-text gallery-caption' id='gallery-1-330'>\n\t\t\t\tEin seltenes Ereignis: &#8222;Einsam und allein am Gipfel des Zirbitzkogels bei nahezu windstillen und milden -8\u00b0C&#8220;.\n\t\t\t\t<\/figcaption><\/figure>\n\t\t<\/div>\n<\/p>\n","protected":false},"excerpt":{"rendered":"<p>Von der Sabathyh\u00fctte bis zum Gipfel des Zirbitzkogels ist eine geschlossene und kompakte Schneedecke vorhanden. Obwohl die Schneem\u00e4chtigkeit f\u00fcr diese Jahreszeit eher unterdurschnittlich ist, w\u00fcrde ich pers\u00f6nlich die Tourenverh\u00e4ltnisse \u00fcberwiegend als gut bezeichnen. Steinkontakt l\u00e4sst sich aber kaum vermeiden, vor allem nicht bei der Abfahrt vom Gipfel zum Lindersee. Also, besser die neuen Ski daheim lassen und die &#8222;Stoaschi&#8220;mitnehmen! Eine gut geschliffene Kante ist sicher kein Nachteil :-)<\/p>\n","protected":false},"author":1,"featured_media":0,"comment_status":"closed","ping_status":"open","sticky":false,"template":"","format":"standard","meta":[],"categories":[34,9],"tags":[],"_links":{"self":[{"href":"http:\/\/zirbitzkogel.at\/blog\/wp-json\/wp\/v2\/posts\/323"}],"collection":[{"href":"http:\/\/zirbitzkogel.at\/blog\/wp-json\/wp\/v2\/posts"}],"about":[{"href":"http:\/\/zirbitzkogel.at\/blog\/wp-json\/wp\/v2\/types\/post"}],"author":[{"embeddable":true,"href":"http:\/\/zirbitzkogel.at\/blog\/wp-json\/wp\/v2\/users\/1"}],"replies":[{"embeddable":true,"href":"http:\/\/zirbitzkogel.at\/blog\/wp-json\/wp\/v2\/comments?post=323"}],"version-history":[{"count":2,"href":"http:\/\/zirbitzkogel.at\/blog\/wp-json\/wp\/v2\/posts\/323\/revisions"}],"predecessor-version":[{"id":332,"href":"http:\/\/zirbitzkogel.at\/blog\/wp-json\/wp\/v2\/posts\/323\/revisions\/332"}],"wp:attachment":[{"href":"http:\/\/zirbitzkogel.at\/blog\/wp-json\/wp\/v2\/media?parent=323"}],"wp:term":[{"taxonomy":"category","embeddable":true,"href":"http:\/\/zirbitzkogel.at\/blog\/wp-json\/wp\/v2\/categories?post=323"},{"taxonomy":"post_tag","embeddable":true,"href":"http:\/\/zirbitzkogel.at\/blog\/wp-json\/wp\/v2\/tags?post=323"}],"curies":[{"name":"wp","href":"https:\/\/api.w.org\/{rel}","templated":true}]}}